{"id":1031,"date":"2019-08-29T09:14:07","date_gmt":"2019-08-29T07:14:07","guid":{"rendered":"http:\/\/stelios.mc\/un-grand-merci-a-notre-sponsor-stelios-philanthropic-foundations-pour-les-130-sacs-de-couchage-dete-achetes-a-decathlon-monaco\/"},"modified":"2019-08-29T10:49:32","modified_gmt":"2019-08-29T08:49:32","slug":"un-grand-merci-a-notre-sponsor-stelios-philanthropic-foundations-pour-les-130-sacs-de-couchage-dete-achetes-a-decathlon-monaco","status":"publish","type":"post","link":"https:\/\/stelios.mc\/fr\/news-top-post\/un-grand-merci-a-notre-sponsor-stelios-philanthropic-foundations-pour-les-130-sacs-de-couchage-dete-achetes-a-decathlon-monaco\/","title":{"rendered":"UN GRAND MERCI A NOTRE SPONSOR STELIOS PHILANTHROPIC FOUNDATIONS POUR LES 130  SACS DE COUCHAGE D\u2019\u00c9T\u00c9 ACHET\u00c9S A DECATHLON MONACO"},"content":{"rendered":"<p><img fetchpriority=\"high\" decoding=\"async\" class=\"alignnone size-full wp-image-1026\" src=\"http:\/\/stelios.mc\/wp-content\/uploads\/guardians.png\" alt=\"\" width=\"225\" height=\"225\" srcset=\"https:\/\/stelios.mc\/wp-content\/uploads\/guardians.png 225w, https:\/\/stelios.mc\/wp-content\/uploads\/guardians-150x150.png 150w\" sizes=\"(max-width: 225px) 100vw, 225px\" \/><\/p>\n<p>&nbsp;<\/p>\n<p>La Fondation Philanthropique Stelios a fait un don rapide de 10.000 \u20ac \u00e0 l&rsquo;ONG d&rsquo;aide aux sans-abri de la Rivera fran\u00e7aise, Les Anges Guardians de Monaco.<\/p>\n<p>Un portion des 1170\u20ac\u00a0 somme servira \u00e0 acheter des 130 sacs de couchage d&rsquo;\u00e9t\u00e9 qui seront distribu\u00e9s aux sans-abri aid\u00e9s en permanence par l&rsquo;organisation.<\/p>\n<p>Comme\u00a0 les Anges Gardiens ont declare : <em>\u00abCes personnes ont besoin de sacs de couchage m\u00eame en \u00e9t\u00e9 pour pouvoir dormir confortablement sur une surface douce. Merci pour vos dons qui nous permettent de continuer!<\/em> \u00a0\u00bb<\/p>\n<p>S&rsquo;il vous pla\u00eet voir leur activit\u00e9 via : <a href=\"https:\/\/angesgardiensmonaco.com\/\">https:\/\/angesgardiensmonaco.com\/<\/a><\/p>\n<p>ou suivez-les sur facebook :\u00a0 <a href=\"https:\/\/www.facebook.com\/anges.gardiens.monaco\/\">https:\/\/www.facebook.com\/anges.gardiens.monaco\/\u00a0<\/a><\/p>\n<p><img decoding=\"async\" class=\"alignnone size-full wp-image-1028\" src=\"http:\/\/stelios.mc\/wp-content\/uploads\/sacs.jpg\" alt=\"\" width=\"720\" height=\"960\" srcset=\"https:\/\/stelios.mc\/wp-content\/uploads\/sacs.jpg 720w, https:\/\/stelios.mc\/wp-content\/uploads\/sacs-225x300.jpg 225w\" sizes=\"(max-width: 720px) 100vw, 720px\" \/><\/p>\n","protected":false},"excerpt":{"rendered":"<p>&nbsp; La Fondation Philanthropique Stelios a fait un don rapide de 10.000 \u20ac \u00e0 l&rsquo;ONG d&rsquo;aide aux sans-abri de la Rivera fran\u00e7aise, Les Anges Guardians de Monaco. Un portion des 1170\u20ac\u00a0 somme servira \u00e0 acheter des 130 sacs de couchage d&rsquo;\u00e9t\u00e9 qui seront distribu\u00e9s aux sans-abri aid\u00e9s en permanence par l&rsquo;organisation. Comme\u00a0 les Anges Gardiens [&hellip;]<\/p>\n","protected":false},"author":7,"featured_media":1027,"comment_status":"closed","ping_status":"closed","sticky":false,"template":"","format":"standard","meta":{"site-sidebar-layout":"default","site-content-layout":"default","ast-site-content-layout":"default","site-content-style":"default","site-sidebar-style":"default","ast-global-header-display":"","ast-banner-title-visibility":"","ast-main-header-display":"","ast-hfb-above-header-display":"","ast-hfb-below-header-display":"","ast-hfb-mobile-header-display":"","site-post-title":"","ast-breadcrumbs-content":"","ast-featured-img":"","footer-sml-layout":"","ast-disable-related-posts":"","theme-transparent-header-meta":"default","adv-header-id-meta":"","stick-header-meta":"","header-above-stick-meta":"","header-main-stick-meta":"","header-below-stick-meta":"","astra-migrate-meta-layouts":"default","ast-page-background-enabled":"default","ast-page-background-meta":{"desktop":{"background-color":"","background-image":"","background-repeat":"repeat","background-position":"center center","background-size":"auto","background-attachment":"scroll","background-type":"","background-media":"","overlay-type":"","overlay-color":"","overlay-opacity":"","overlay-gradient":""},"tablet":{"background-color":"","background-image":"","background-repeat":"repeat","background-position":"center center","background-size":"auto","background-attachment":"scroll","background-type":"","background-media":"","overlay-type":"","overlay-color":"","overlay-opacity":"","overlay-gradient":""},"mobile":{"background-color":"","background-image":"","background-repeat":"repeat","background-position":"center center","background-size":"auto","background-attachment":"scroll","background-type":"","background-media":"","overlay-type":"","overlay-color":"","overlay-opacity":"","overlay-gradient":""}},"ast-content-background-meta":{"desktop":{"background-color":"var(--ast-global-color-5)","background-image":"","background-repeat":"repeat","background-position":"center center","background-size":"auto","background-attachment":"scroll","background-type":"","background-media":"","overlay-type":"","overlay-color":"","overlay-opacity":"","overlay-gradient":""},"tablet":{"background-color":"var(--ast-global-color-5)","background-image":"","background-repeat":"repeat","background-position":"center center","background-size":"auto","background-attachment":"scroll","background-type":"","background-media":"","overlay-type":"","overlay-color":"","overlay-opacity":"","overlay-gradient":""},"mobile":{"background-color":"var(--ast-global-color-5)","background-image":"","background-repeat":"repeat","background-position":"center center","background-size":"auto","background-attachment":"scroll","background-type":"","background-media":"","overlay-type":"","overlay-color":"","overlay-opacity":"","overlay-gradient":""}},"footnotes":""},"categories":[68,43,65,69],"tags":[],"class_list":["post-1031","post","type-post","status-publish","format-standard","has-post-thumbnail","hentry","category-autres-actualites","category-news-top-post","category-other_donations-fr","category-other-news-fr"],"yoast_head":"<!-- This site is optimized with the Yoast SEO plugin v27.4 - https:\/\/yoast.com\/product\/yoast-seo-wordpress\/ -->\n<title>UN GRAND MERCI A NOTRE SPONSOR STELIOS PHILANTHROPIC FOUNDATIONS POUR LES 130 SACS DE COUCHAGE D\u2019\u00c9T\u00c9 ACHET\u00c9S A DECATHLON MONACO - Stelios.mc<\/title>\n<meta name=\"robots\" content=\"index, follow, max-snippet:-1, max-image-preview:large, max-video-preview:-1\" \/>\n<link rel=\"canonical\" href=\"https:\/\/stelios.mc\/fr\/news-top-post\/un-grand-merci-a-notre-sponsor-stelios-philanthropic-foundations-pour-les-130-sacs-de-couchage-dete-achetes-a-decathlon-monaco\/\" \/>\n<meta property=\"og:locale\" content=\"fr_FR\" \/>\n<meta property=\"og:type\" content=\"article\" \/>\n<meta property=\"og:title\" content=\"UN GRAND MERCI A NOTRE SPONSOR STELIOS PHILANTHROPIC FOUNDATIONS POUR LES 130 SACS DE COUCHAGE D\u2019\u00c9T\u00c9 ACHET\u00c9S A DECATHLON MONACO - Stelios.mc\" \/>\n<meta property=\"og:description\" content=\"&nbsp; La Fondation Philanthropique Stelios a fait un don rapide de 10.000 \u20ac \u00e0 l&rsquo;ONG d&rsquo;aide aux sans-abri de la Rivera fran\u00e7aise, Les Anges Guardians de Monaco. Un portion des 1170\u20ac\u00a0 somme servira \u00e0 acheter des 130 sacs de couchage d&rsquo;\u00e9t\u00e9 qui seront distribu\u00e9s aux sans-abri aid\u00e9s en permanence par l&rsquo;organisation. Comme\u00a0 les Anges Gardiens [&hellip;]\" \/>\n<meta property=\"og:url\" content=\"https:\/\/stelios.mc\/fr\/news-top-post\/un-grand-merci-a-notre-sponsor-stelios-philanthropic-foundations-pour-les-130-sacs-de-couchage-dete-achetes-a-decathlon-monaco\/\" \/>\n<meta property=\"og:site_name\" content=\"Stelios Philanthropic Foundation Monaco\" \/>\n<meta property=\"article:publisher\" content=\"https:\/\/www.facebook.com\/steliosfoundation\/\" \/>\n<meta property=\"article:published_time\" content=\"2019-08-29T07:14:07+00:00\" \/>\n<meta property=\"article:modified_time\" content=\"2019-08-29T08:49:32+00:00\" \/>\n<meta property=\"og:image\" content=\"https:\/\/stelios.mc\/wp-content\/uploads\/guardians.png\" \/>\n\t<meta property=\"og:image:width\" content=\"225\" \/>\n\t<meta property=\"og:image:height\" content=\"225\" \/>\n\t<meta property=\"og:image:type\" content=\"image\/png\" \/>\n<meta name=\"author\" content=\"Jonathan\" \/>\n<meta name=\"twitter:card\" content=\"summary_large_image\" \/>\n<meta name=\"twitter:label1\" content=\"\u00c9crit par\" \/>\n\t<meta name=\"twitter:data1\" content=\"Jonathan\" \/>\n\t<meta name=\"twitter:label2\" content=\"Dur\u00e9e de lecture estim\u00e9e\" \/>\n\t<meta name=\"twitter:data2\" content=\"1 minute\" \/>\n<script type=\"application\/ld+json\" class=\"yoast-schema-graph\">{\"@context\":\"https:\\\/\\\/schema.org\",\"@graph\":[{\"@type\":\"Article\",\"@id\":\"https:\\\/\\\/stelios.mc\\\/fr\\\/news-top-post\\\/un-grand-merci-a-notre-sponsor-stelios-philanthropic-foundations-pour-les-130-sacs-de-couchage-dete-achetes-a-decathlon-monaco\\\/#article\",\"isPartOf\":{\"@id\":\"https:\\\/\\\/stelios.mc\\\/fr\\\/news-top-post\\\/un-grand-merci-a-notre-sponsor-stelios-philanthropic-foundations-pour-les-130-sacs-de-couchage-dete-achetes-a-decathlon-monaco\\\/\"},\"author\":{\"name\":\"Jonathan\",\"@id\":\"https:\\\/\\\/stelios.mc\\\/#\\\/schema\\\/person\\\/76607dceff4731554e90a200b3da90db\"},\"headline\":\"UN GRAND MERCI A NOTRE SPONSOR STELIOS PHILANTHROPIC FOUNDATIONS POUR LES 130 SACS DE COUCHAGE D\u2019\u00c9T\u00c9 ACHET\u00c9S A DECATHLON MONACO\",\"datePublished\":\"2019-08-29T07:14:07+00:00\",\"dateModified\":\"2019-08-29T08:49:32+00:00\",\"mainEntityOfPage\":{\"@id\":\"https:\\\/\\\/stelios.mc\\\/fr\\\/news-top-post\\\/un-grand-merci-a-notre-sponsor-stelios-philanthropic-foundations-pour-les-130-sacs-de-couchage-dete-achetes-a-decathlon-monaco\\\/\"},\"wordCount\":131,\"publisher\":{\"@id\":\"https:\\\/\\\/stelios.mc\\\/#organization\"},\"image\":{\"@id\":\"https:\\\/\\\/stelios.mc\\\/fr\\\/news-top-post\\\/un-grand-merci-a-notre-sponsor-stelios-philanthropic-foundations-pour-les-130-sacs-de-couchage-dete-achetes-a-decathlon-monaco\\\/#primaryimage\"},\"thumbnailUrl\":\"https:\\\/\\\/stelios.mc\\\/wp-content\\\/uploads\\\/guardians.png\",\"articleSection\":[\"Autres actualites\",\"News - Top Post\",\"Other Donations\",\"Other news\"],\"inLanguage\":\"fr-FR\"},{\"@type\":\"WebPage\",\"@id\":\"https:\\\/\\\/stelios.mc\\\/fr\\\/news-top-post\\\/un-grand-merci-a-notre-sponsor-stelios-philanthropic-foundations-pour-les-130-sacs-de-couchage-dete-achetes-a-decathlon-monaco\\\/\",\"url\":\"https:\\\/\\\/stelios.mc\\\/fr\\\/news-top-post\\\/un-grand-merci-a-notre-sponsor-stelios-philanthropic-foundations-pour-les-130-sacs-de-couchage-dete-achetes-a-decathlon-monaco\\\/\",\"name\":\"UN GRAND MERCI A NOTRE SPONSOR STELIOS PHILANTHROPIC FOUNDATIONS POUR LES 130 SACS DE COUCHAGE D\u2019\u00c9T\u00c9 ACHET\u00c9S A DECATHLON MONACO - Stelios.mc\",\"isPartOf\":{\"@id\":\"https:\\\/\\\/stelios.mc\\\/#website\"},\"primaryImageOfPage\":{\"@id\":\"https:\\\/\\\/stelios.mc\\\/fr\\\/news-top-post\\\/un-grand-merci-a-notre-sponsor-stelios-philanthropic-foundations-pour-les-130-sacs-de-couchage-dete-achetes-a-decathlon-monaco\\\/#primaryimage\"},\"image\":{\"@id\":\"https:\\\/\\\/stelios.mc\\\/fr\\\/news-top-post\\\/un-grand-merci-a-notre-sponsor-stelios-philanthropic-foundations-pour-les-130-sacs-de-couchage-dete-achetes-a-decathlon-monaco\\\/#primaryimage\"},\"thumbnailUrl\":\"https:\\\/\\\/stelios.mc\\\/wp-content\\\/uploads\\\/guardians.png\",\"datePublished\":\"2019-08-29T07:14:07+00:00\",\"dateModified\":\"2019-08-29T08:49:32+00:00\",\"breadcrumb\":{\"@id\":\"https:\\\/\\\/stelios.mc\\\/fr\\\/news-top-post\\\/un-grand-merci-a-notre-sponsor-stelios-philanthropic-foundations-pour-les-130-sacs-de-couchage-dete-achetes-a-decathlon-monaco\\\/#breadcrumb\"},\"inLanguage\":\"fr-FR\",\"potentialAction\":[{\"@type\":\"ReadAction\",\"target\":[\"https:\\\/\\\/stelios.mc\\\/fr\\\/news-top-post\\\/un-grand-merci-a-notre-sponsor-stelios-philanthropic-foundations-pour-les-130-sacs-de-couchage-dete-achetes-a-decathlon-monaco\\\/\"]}]},{\"@type\":\"ImageObject\",\"inLanguage\":\"fr-FR\",\"@id\":\"https:\\\/\\\/stelios.mc\\\/fr\\\/news-top-post\\\/un-grand-merci-a-notre-sponsor-stelios-philanthropic-foundations-pour-les-130-sacs-de-couchage-dete-achetes-a-decathlon-monaco\\\/#primaryimage\",\"url\":\"https:\\\/\\\/stelios.mc\\\/wp-content\\\/uploads\\\/guardians.png\",\"contentUrl\":\"https:\\\/\\\/stelios.mc\\\/wp-content\\\/uploads\\\/guardians.png\",\"width\":225,\"height\":225},{\"@type\":\"BreadcrumbList\",\"@id\":\"https:\\\/\\\/stelios.mc\\\/fr\\\/news-top-post\\\/un-grand-merci-a-notre-sponsor-stelios-philanthropic-foundations-pour-les-130-sacs-de-couchage-dete-achetes-a-decathlon-monaco\\\/#breadcrumb\",\"itemListElement\":[{\"@type\":\"ListItem\",\"position\":1,\"name\":\"Home\",\"item\":\"https:\\\/\\\/stelios.mc\\\/fr\\\/home\\\/\"},{\"@type\":\"ListItem\",\"position\":2,\"name\":\"UN GRAND MERCI A NOTRE SPONSOR STELIOS PHILANTHROPIC FOUNDATIONS POUR LES 130 SACS DE COUCHAGE D\u2019\u00c9T\u00c9 ACHET\u00c9S A DECATHLON MONACO\"}]},{\"@type\":\"WebSite\",\"@id\":\"https:\\\/\\\/stelios.mc\\\/#website\",\"url\":\"https:\\\/\\\/stelios.mc\\\/\",\"name\":\"Stelios Philanthropic Foundation Monaco\",\"description\":\"Education, Entrepreneurship &amp; Environment in Monaco\",\"publisher\":{\"@id\":\"https:\\\/\\\/stelios.mc\\\/#organization\"},\"alternateName\":\"Stelios.mc\",\"potentialAction\":[{\"@type\":\"SearchAction\",\"target\":{\"@type\":\"EntryPoint\",\"urlTemplate\":\"https:\\\/\\\/stelios.mc\\\/?s={search_term_string}\"},\"query-input\":{\"@type\":\"PropertyValueSpecification\",\"valueRequired\":true,\"valueName\":\"search_term_string\"}}],\"inLanguage\":\"fr-FR\"},{\"@type\":\"Organization\",\"@id\":\"https:\\\/\\\/stelios.mc\\\/#organization\",\"name\":\"Stelios Philanthropic Foundation Monaco\",\"alternateName\":\"Stelios Philanthropic Foundation\",\"url\":\"https:\\\/\\\/stelios.mc\\\/\",\"logo\":{\"@type\":\"ImageObject\",\"inLanguage\":\"fr-FR\",\"@id\":\"https:\\\/\\\/stelios.mc\\\/#\\\/schema\\\/logo\\\/image\\\/\",\"url\":\"https:\\\/\\\/stelios.mc\\\/wp-content\\\/uploads\\\/stelios-philanthropic-foundation-monaco-logo-900px.jpg\",\"contentUrl\":\"https:\\\/\\\/stelios.mc\\\/wp-content\\\/uploads\\\/stelios-philanthropic-foundation-monaco-logo-900px.jpg\",\"width\":900,\"height\":600,\"caption\":\"Stelios Philanthropic Foundation Monaco\"},\"image\":{\"@id\":\"https:\\\/\\\/stelios.mc\\\/#\\\/schema\\\/logo\\\/image\\\/\"},\"sameAs\":[\"https:\\\/\\\/www.facebook.com\\\/steliosfoundation\\\/\",\"https:\\\/\\\/www.instagram.com\\\/stelios_foundation\\\/\",\"https:\\\/\\\/www.linkedin.com\\\/company\\\/stelios-philanthropic-foundation\",\"https:\\\/\\\/www.pinterest.com\\\/steliosfoundation\\\/\"]},{\"@type\":\"Person\",\"@id\":\"https:\\\/\\\/stelios.mc\\\/#\\\/schema\\\/person\\\/76607dceff4731554e90a200b3da90db\",\"name\":\"Jonathan\",\"image\":{\"@type\":\"ImageObject\",\"inLanguage\":\"fr-FR\",\"@id\":\"https:\\\/\\\/secure.gravatar.com\\\/avatar\\\/6f3e1725dfc1247d900084c43fc855551d869be9129132ad475f342c6dd0cc33?s=96&d=mm&r=g\",\"url\":\"https:\\\/\\\/secure.gravatar.com\\\/avatar\\\/6f3e1725dfc1247d900084c43fc855551d869be9129132ad475f342c6dd0cc33?s=96&d=mm&r=g\",\"contentUrl\":\"https:\\\/\\\/secure.gravatar.com\\\/avatar\\\/6f3e1725dfc1247d900084c43fc855551d869be9129132ad475f342c6dd0cc33?s=96&d=mm&r=g\",\"caption\":\"Jonathan\"}}]}<\/script>\n<!-- \/ Yoast SEO plugin. -->","yoast_head_json":{"title":"UN GRAND MERCI A NOTRE SPONSOR STELIOS PHILANTHROPIC FOUNDATIONS POUR LES 130 SACS DE COUCHAGE D\u2019\u00c9T\u00c9 ACHET\u00c9S A DECATHLON MONACO - Stelios.mc","robots":{"index":"index","follow":"follow","max-snippet":"max-snippet:-1","max-image-preview":"max-image-preview:large","max-video-preview":"max-video-preview:-1"},"canonical":"https:\/\/stelios.mc\/fr\/news-top-post\/un-grand-merci-a-notre-sponsor-stelios-philanthropic-foundations-pour-les-130-sacs-de-couchage-dete-achetes-a-decathlon-monaco\/","og_locale":"fr_FR","og_type":"article","og_title":"UN GRAND MERCI A NOTRE SPONSOR STELIOS PHILANTHROPIC FOUNDATIONS POUR LES 130 SACS DE COUCHAGE D\u2019\u00c9T\u00c9 ACHET\u00c9S A DECATHLON MONACO - Stelios.mc","og_description":"&nbsp; La Fondation Philanthropique Stelios a fait un don rapide de 10.000 \u20ac \u00e0 l&rsquo;ONG d&rsquo;aide aux sans-abri de la Rivera fran\u00e7aise, Les Anges Guardians de Monaco. Un portion des 1170\u20ac\u00a0 somme servira \u00e0 acheter des 130 sacs de couchage d&rsquo;\u00e9t\u00e9 qui seront distribu\u00e9s aux sans-abri aid\u00e9s en permanence par l&rsquo;organisation. Comme\u00a0 les Anges Gardiens [&hellip;]","og_url":"https:\/\/stelios.mc\/fr\/news-top-post\/un-grand-merci-a-notre-sponsor-stelios-philanthropic-foundations-pour-les-130-sacs-de-couchage-dete-achetes-a-decathlon-monaco\/","og_site_name":"Stelios Philanthropic Foundation Monaco","article_publisher":"https:\/\/www.facebook.com\/steliosfoundation\/","article_published_time":"2019-08-29T07:14:07+00:00","article_modified_time":"2019-08-29T08:49:32+00:00","og_image":[{"width":225,"height":225,"url":"https:\/\/stelios.mc\/wp-content\/uploads\/guardians.png","type":"image\/png"}],"author":"Jonathan","twitter_card":"summary_large_image","twitter_misc":{"\u00c9crit par":"Jonathan","Dur\u00e9e de lecture estim\u00e9e":"1 minute"},"schema":{"@context":"https:\/\/schema.org","@graph":[{"@type":"Article","@id":"https:\/\/stelios.mc\/fr\/news-top-post\/un-grand-merci-a-notre-sponsor-stelios-philanthropic-foundations-pour-les-130-sacs-de-couchage-dete-achetes-a-decathlon-monaco\/#article","isPartOf":{"@id":"https:\/\/stelios.mc\/fr\/news-top-post\/un-grand-merci-a-notre-sponsor-stelios-philanthropic-foundations-pour-les-130-sacs-de-couchage-dete-achetes-a-decathlon-monaco\/"},"author":{"name":"Jonathan","@id":"https:\/\/stelios.mc\/#\/schema\/person\/76607dceff4731554e90a200b3da90db"},"headline":"UN GRAND MERCI A NOTRE SPONSOR STELIOS PHILANTHROPIC FOUNDATIONS POUR LES 130 SACS DE COUCHAGE D\u2019\u00c9T\u00c9 ACHET\u00c9S A DECATHLON MONACO","datePublished":"2019-08-29T07:14:07+00:00","dateModified":"2019-08-29T08:49:32+00:00","mainEntityOfPage":{"@id":"https:\/\/stelios.mc\/fr\/news-top-post\/un-grand-merci-a-notre-sponsor-stelios-philanthropic-foundations-pour-les-130-sacs-de-couchage-dete-achetes-a-decathlon-monaco\/"},"wordCount":131,"publisher":{"@id":"https:\/\/stelios.mc\/#organization"},"image":{"@id":"https:\/\/stelios.mc\/fr\/news-top-post\/un-grand-merci-a-notre-sponsor-stelios-philanthropic-foundations-pour-les-130-sacs-de-couchage-dete-achetes-a-decathlon-monaco\/#primaryimage"},"thumbnailUrl":"https:\/\/stelios.mc\/wp-content\/uploads\/guardians.png","articleSection":["Autres actualites","News - Top Post","Other Donations","Other news"],"inLanguage":"fr-FR"},{"@type":"WebPage","@id":"https:\/\/stelios.mc\/fr\/news-top-post\/un-grand-merci-a-notre-sponsor-stelios-philanthropic-foundations-pour-les-130-sacs-de-couchage-dete-achetes-a-decathlon-monaco\/","url":"https:\/\/stelios.mc\/fr\/news-top-post\/un-grand-merci-a-notre-sponsor-stelios-philanthropic-foundations-pour-les-130-sacs-de-couchage-dete-achetes-a-decathlon-monaco\/","name":"UN GRAND MERCI A NOTRE SPONSOR STELIOS PHILANTHROPIC FOUNDATIONS POUR LES 130 SACS DE COUCHAGE D\u2019\u00c9T\u00c9 ACHET\u00c9S A DECATHLON MONACO - Stelios.mc","isPartOf":{"@id":"https:\/\/stelios.mc\/#website"},"primaryImageOfPage":{"@id":"https:\/\/stelios.mc\/fr\/news-top-post\/un-grand-merci-a-notre-sponsor-stelios-philanthropic-foundations-pour-les-130-sacs-de-couchage-dete-achetes-a-decathlon-monaco\/#primaryimage"},"image":{"@id":"https:\/\/stelios.mc\/fr\/news-top-post\/un-grand-merci-a-notre-sponsor-stelios-philanthropic-foundations-pour-les-130-sacs-de-couchage-dete-achetes-a-decathlon-monaco\/#primaryimage"},"thumbnailUrl":"https:\/\/stelios.mc\/wp-content\/uploads\/guardians.png","datePublished":"2019-08-29T07:14:07+00:00","dateModified":"2019-08-29T08:49:32+00:00","breadcrumb":{"@id":"https:\/\/stelios.mc\/fr\/news-top-post\/un-grand-merci-a-notre-sponsor-stelios-philanthropic-foundations-pour-les-130-sacs-de-couchage-dete-achetes-a-decathlon-monaco\/#breadcrumb"},"inLanguage":"fr-FR","potentialAction":[{"@type":"ReadAction","target":["https:\/\/stelios.mc\/fr\/news-top-post\/un-grand-merci-a-notre-sponsor-stelios-philanthropic-foundations-pour-les-130-sacs-de-couchage-dete-achetes-a-decathlon-monaco\/"]}]},{"@type":"ImageObject","inLanguage":"fr-FR","@id":"https:\/\/stelios.mc\/fr\/news-top-post\/un-grand-merci-a-notre-sponsor-stelios-philanthropic-foundations-pour-les-130-sacs-de-couchage-dete-achetes-a-decathlon-monaco\/#primaryimage","url":"https:\/\/stelios.mc\/wp-content\/uploads\/guardians.png","contentUrl":"https:\/\/stelios.mc\/wp-content\/uploads\/guardians.png","width":225,"height":225},{"@type":"BreadcrumbList","@id":"https:\/\/stelios.mc\/fr\/news-top-post\/un-grand-merci-a-notre-sponsor-stelios-philanthropic-foundations-pour-les-130-sacs-de-couchage-dete-achetes-a-decathlon-monaco\/#breadcrumb","itemListElement":[{"@type":"ListItem","position":1,"name":"Home","item":"https:\/\/stelios.mc\/fr\/home\/"},{"@type":"ListItem","position":2,"name":"UN GRAND MERCI A NOTRE SPONSOR STELIOS PHILANTHROPIC FOUNDATIONS POUR LES 130 SACS DE COUCHAGE D\u2019\u00c9T\u00c9 ACHET\u00c9S A DECATHLON MONACO"}]},{"@type":"WebSite","@id":"https:\/\/stelios.mc\/#website","url":"https:\/\/stelios.mc\/","name":"Stelios Philanthropic Foundation Monaco","description":"Education, Entrepreneurship &amp; Environment in Monaco","publisher":{"@id":"https:\/\/stelios.mc\/#organization"},"alternateName":"Stelios.mc","potentialAction":[{"@type":"SearchAction","target":{"@type":"EntryPoint","urlTemplate":"https:\/\/stelios.mc\/?s={search_term_string}"},"query-input":{"@type":"PropertyValueSpecification","valueRequired":true,"valueName":"search_term_string"}}],"inLanguage":"fr-FR"},{"@type":"Organization","@id":"https:\/\/stelios.mc\/#organization","name":"Stelios Philanthropic Foundation Monaco","alternateName":"Stelios Philanthropic Foundation","url":"https:\/\/stelios.mc\/","logo":{"@type":"ImageObject","inLanguage":"fr-FR","@id":"https:\/\/stelios.mc\/#\/schema\/logo\/image\/","url":"https:\/\/stelios.mc\/wp-content\/uploads\/stelios-philanthropic-foundation-monaco-logo-900px.jpg","contentUrl":"https:\/\/stelios.mc\/wp-content\/uploads\/stelios-philanthropic-foundation-monaco-logo-900px.jpg","width":900,"height":600,"caption":"Stelios Philanthropic Foundation Monaco"},"image":{"@id":"https:\/\/stelios.mc\/#\/schema\/logo\/image\/"},"sameAs":["https:\/\/www.facebook.com\/steliosfoundation\/","https:\/\/www.instagram.com\/stelios_foundation\/","https:\/\/www.linkedin.com\/company\/stelios-philanthropic-foundation","https:\/\/www.pinterest.com\/steliosfoundation\/"]},{"@type":"Person","@id":"https:\/\/stelios.mc\/#\/schema\/person\/76607dceff4731554e90a200b3da90db","name":"Jonathan","image":{"@type":"ImageObject","inLanguage":"fr-FR","@id":"https:\/\/secure.gravatar.com\/avatar\/6f3e1725dfc1247d900084c43fc855551d869be9129132ad475f342c6dd0cc33?s=96&d=mm&r=g","url":"https:\/\/secure.gravatar.com\/avatar\/6f3e1725dfc1247d900084c43fc855551d869be9129132ad475f342c6dd0cc33?s=96&d=mm&r=g","contentUrl":"https:\/\/secure.gravatar.com\/avatar\/6f3e1725dfc1247d900084c43fc855551d869be9129132ad475f342c6dd0cc33?s=96&d=mm&r=g","caption":"Jonathan"}}]}},"_links":{"self":[{"href":"https:\/\/stelios.mc\/fr\/wp-json\/wp\/v2\/posts\/1031","targetHints":{"allow":["GET"]}}],"collection":[{"href":"https:\/\/stelios.mc\/fr\/wp-json\/wp\/v2\/posts"}],"about":[{"href":"https:\/\/stelios.mc\/fr\/wp-json\/wp\/v2\/types\/post"}],"author":[{"embeddable":true,"href":"https:\/\/stelios.mc\/fr\/wp-json\/wp\/v2\/users\/7"}],"replies":[{"embeddable":true,"href":"https:\/\/stelios.mc\/fr\/wp-json\/wp\/v2\/comments?post=1031"}],"version-history":[{"count":2,"href":"https:\/\/stelios.mc\/fr\/wp-json\/wp\/v2\/posts\/1031\/revisions"}],"predecessor-version":[{"id":1033,"href":"https:\/\/stelios.mc\/fr\/wp-json\/wp\/v2\/posts\/1031\/revisions\/1033"}],"wp:featuredmedia":[{"embeddable":true,"href":"https:\/\/stelios.mc\/fr\/wp-json\/wp\/v2\/media\/1027"}],"wp:attachment":[{"href":"https:\/\/stelios.mc\/fr\/wp-json\/wp\/v2\/media?parent=1031"}],"wp:term":[{"taxonomy":"category","embeddable":true,"href":"https:\/\/stelios.mc\/fr\/wp-json\/wp\/v2\/categories?post=1031"},{"taxonomy":"post_tag","embeddable":true,"href":"https:\/\/stelios.mc\/fr\/wp-json\/wp\/v2\/tags?post=1031"}],"curies":[{"name":"wp","href":"https:\/\/api.w.org\/{rel}","templated":true}]}}